[{"@context":"https:\/\/schema.org\/","@type":"Article","@id":"https:\/\/www.nowire.cz\/pripravy-na-jaro-v-plnem-proudu\/#Article","mainEntityOfPage":"https:\/\/www.nowire.cz\/pripravy-na-jaro-v-plnem-proudu\/","headline":"P\u0159\u00edpravy na jaro v pln\u00e9m proudu","name":"P\u0159\u00edpravy na jaro v pln\u00e9m proudu","description":"U\u017e je to tady! Kone\u010dn\u011b kon\u010d\u00ed dlouh\u00e1 zima a p\u0159ich\u00e1z\u00ed op\u011bt to kr\u00e1sn\u00e9 slunn\u00e9 obdob\u00ed roku. Jaro. Nenech\u00e1vejte ale nic n\u00e1hod\u011b a v\u011b\u0159te, \u017ee i na to se \u010dlov\u011bk mus\u00ed spr\u00e1vn\u011b p\u0159ipravit. V\u0161e u\u017e za\u010d\u00edn\u00e1 je p\u0159i v\u00fdm\u011bn\u011b \u0161atn\u00edku ze zimn\u00edho na ten letn\u00ed. Na nic v\u0161ak nesp\u011bchejte a pamatujte, \u017ee to, \u017ee se u\u017e [&hellip;]","datePublished":"2019-03-15","dateModified":"2023-04-30","author":{"@type":"Person","@id":"https:\/\/www.nowire.cz\/author\/#Person","name":"","url":"https:\/\/www.nowire.cz\/author\/","identifier":1,"image":{"@type":"ImageObject","@id":"https:\/\/secure.gravatar.com\/avatar\/34ced1804fd555c2760b3a913ad8d5a4b855e207e462786ab4875bf17a1c516e?s=96&d=mm&r=g","url":"https:\/\/secure.gravatar.com\/avatar\/34ced1804fd555c2760b3a913ad8d5a4b855e207e462786ab4875bf17a1c516e?s=96&d=mm&r=g","height":96,"width":96}},"publisher":{"@type":"Organization","name":"nowire.cz","logo":{"@type":"ImageObject","@id":"\/logo.png","url":"\/logo.png","width":600,"height":60}},"image":{"@type":"ImageObject","@id":"https:\/\/www.nowire.cz\/wp-content\/uploads\/img_a339878_w1961_t1552932992.jpg","url":"https:\/\/www.nowire.cz\/wp-content\/uploads\/img_a339878_w1961_t1552932992.jpg","height":0,"width":0},"url":"https:\/\/www.nowire.cz\/pripravy-na-jaro-v-plnem-proudu\/","wordCount":475,"articleBody":"U\u017e je to tady! Kone\u010dn\u011b kon\u010d\u00ed dlouh\u00e1 zima a p\u0159ich\u00e1z\u00ed op\u011bt to kr\u00e1sn\u00e9 slunn\u00e9 obdob\u00ed roku. Jaro. Nenech\u00e1vejte ale nic n\u00e1hod\u011b a v\u011b\u0159te, \u017ee i na to se \u010dlov\u011bk mus\u00ed spr\u00e1vn\u011b p\u0159ipravit. V\u0161e u\u017e za\u010d\u00edn\u00e1 je p\u0159i v\u00fdm\u011bn\u011b \u0161atn\u00edku ze zimn\u00edho na ten letn\u00ed. Na nic v\u0161ak nesp\u011bchejte a pamatujte, \u017ee to, \u017ee se u\u017e trochu oteplilo, je\u0161t\u011b neznamen\u00e1, \u017ee je venku parn\u00fd den. Nen\u00ed tedy dobr\u00e9 se hned za\u010d\u00edt odhalovat a tv\u00e1\u0159it se, \u017ee u\u017e je t\u0159icet stup\u0148\u016f ve st\u00ednu. To toti\u017e opravdu nen\u00ed a takov\u00fdmto chov\u00e1n\u00edm si brzy p\u0159ivod\u00edte leda tak z\u00e1pal plic nebo jin\u00e9 nachlazen\u00ed\u2026 S\u00a0jarem p\u0159ich\u00e1z\u00ed i Velikonoce.Ty pro v\u011b\u0159\u00edc\u00ed znamenaj\u00ed nejv\u011bt\u0161\u00ed sv\u00e1tek v\u00a0pr\u016fb\u011bhu cel\u00e9ho roku a p\u0159ipravuj\u00ed se na n\u011b b\u011bhem takzvan\u00e9 postn\u00ed doby, kter\u00fd trv\u00e1 \u010dty\u0159icet dn\u00ed p\u0159ed nimi. Co to znamen\u00e1 ta postn\u00ed doba? Je to \u010das, kter\u00fd by \u010dlov\u011bk m\u011bl pro\u017e\u00edt v\u00a0klidu a od\u0159\u00edk\u00e1n\u00ed. Neznamen\u00e1 to samoz\u0159ejm\u011b, \u017ee mus\u00edte j\u00edst jen chleba a p\u00edt vodu, ale jsou zde i takov\u00ed extr\u00e9misti. Je to sp\u00ed\u0161e doba, kterou byste m\u011bli str\u00e1vit p\u0159em\u00fd\u0161len\u00edm o \u017eivot\u011b a modlen\u00edm se za sp\u00e1su. Ti, kte\u0159\u00ed nev\u011b\u0159\u00ed, se p\u0159ipravuj\u00ed na sv\u00e1tky jara a t\u00edm je samoz\u0159ejm\u011b Velikono\u010dn\u00ed pond\u011bl\u00ed. S\u00a0t\u00edmto sv\u00e1tek p\u0159ich\u00e1z\u00ed i \u0159adu povinnost\u00ed, kter\u00e9 se t\u00fdkaj\u00ed p\u0159edev\u0161\u00edm d\u00edvek a \u017een. Ty mus\u00ed p\u0159ipravit dostate\u010dn\u011b velkou koledu pro chlapce, kte\u0159\u00ed je p\u0159ijdou vy\u0161upat. Mus\u00ed si v\u0161ak posp\u00ed\u0161it, proto\u017ee kdy\u017e p\u0159ijdou po dvan\u00e1cte hodin\u011b, tak u\u017e maj\u00ed sm\u016flu a d\u011bv\u010data je polij\u00ed vodou.Tento zvyk je velmi zaj\u00edmav\u00fd, nebo\u0165 se traduje jen u n\u00e1s a nikde ve sv\u011bt\u011b nem\u00e1 obdoby. Dokonce si o n\u011bm na\u0161e okol\u00ed mysl\u00ed, \u017ee to je projev n\u011bjak\u00fdch n\u00e1silnost\u00ed a krout\u00ed nad n\u00edm hlavou. My samoz\u0159ejm\u011b v\u00edme, jak\u00e1 je pravda a m\u016f\u017eeme b\u00fdt na na\u0161e vlastn\u00ed zvyky pat\u0159i\u010dn\u011b hrd\u00ed. S\u00a0Velikonocemi se poj\u00ed samoz\u0159ejm\u011b i velk\u00fd \u00faklid Va\u0161eho domu a vyzdoben\u00ed interi\u00e9ru do vesel\u00fdch jarn\u00edch barev, kter\u00e9 rozjasn\u00ed pokoje a probud\u00ed je tak\u00e9 z\u00a0dlouh\u00e9ho zimn\u00edho sp\u00e1nku. Ale nen\u00ed pot\u0159eba si se v\u0161\u00edm d\u011blat zbyte\u010dn\u00e9 starosti. Hlavn\u011b abychom byli v\u0161ichni zdrav\u00ed a mohli se radovat z\u00a0toho, \u017ee u\u017e je zase teplo a my m\u016f\u017eeme chodit na proch\u00e1zky a tr\u00e1vit \u010das na \u010derstv\u00e9m vzduchu.                                                                                                                                                                                                                                                                                                                                                                                         3.2\/5 - (8 votes)        "},{"@context":"https:\/\/schema.org\/","@type":"BreadcrumbList","itemListElement":[{"@type":"ListItem","position":1,"name":"P\u0159\u00edpravy na jaro v pln\u00e9m proudu","item":"https:\/\/www.nowire.cz\/pripravy-na-jaro-v-plnem-proudu\/#breadcrumbitem"}]}]